{"id":11436,"date":"2022-06-23T23:19:34","date_gmt":"2022-06-23T21:19:34","guid":{"rendered":"https:\/\/www.mlv-thannhausen.de\/?p=11436"},"modified":"2022-06-28T22:56:45","modified_gmt":"2022-06-28T20:56:45","slug":"segelfliegen-kneipen-sonnenuntergaenge-und-ein-erster-alleinflug-pfingstfluglager-in-bad-woerishofen","status":"publish","type":"post","link":"https:\/\/www.mlv-thannhausen.de\/?p=11436","title":{"rendered":"Segelfliegen, Kneipen, Sonnenunterg\u00e4nge und ein erster Alleinflug &#8211; Pfingstfluglager in Bad W\u00f6rishofen"},"content":{"rendered":"\n<p>Mit viel Sonne und guter, hochreichender Blauthermik begann das Pfingstfluglager am Sonntag, 12. Juni. So konnte der 13-j\u00e4hrige Flugsch\u00fcler Tim zusammen mit Fluglehrer Thomas m\u00fchelos unseren Schuldoppelsitzer von Thannhausen nach Bad W\u00f6rishofen fliegen. F\u00fcr Tim war es der l\u00e4ngste, weiteste und mit \u00fcber 2km H\u00f6he \u00fcber Grund auch der h\u00f6chste Flug! Im Anh\u00e4nger kamen dann noch zwei weitere Segelflugzeuge hinzu und nach und nach weitere PilotInnen und Sch\u00fclerInnen. Gleich am Sonntagabend ging es zur ersten Kneipp-Runde. \ud83d\ude42<\/p>\n\n\n\n<p>Die weiteren Tage konnten sich sehen lassen, bestes Wetter, Thermik und gro\u00dfartige Fl\u00fcge. Gemeinsam mit den FliegerkameradInnen des SFV Bad W\u00f6rishofen war nicht nur der fliegerische Teil unbeschreiblich sch\u00f6n, sondern auch das Drumherum mit Flugbetrieb, gemeinsamen Fr\u00fchst\u00fcck, Abendessen und Kneipp-Ausfl\u00fcgen.<\/p>\n\n\n\n<figure class=\"wp-block-image size-large\"><img decoding=\"async\" src=\"https:\/\/www.mlv-thannhausen.de\/wp-content\/gallery\/pfingstfluglager-2022\/2022-06-12-16.29.22.jpg\" alt=\"\"\/><figcaption>Gemeinsam mit dem Twin des SFV Bad W\u00f6rishofen in der Thermik.<\/figcaption><\/figure>\n\n\n\n<p>Am Mittwoch bahnte sich dann ein besonderer Tag f\u00fcr unsere Flugsch\u00fclerin Isabel an. Zun\u00e4chst \u00fcberzeugten sich die Fluglehrer Anna und Thomas, dass Isabel auch am fremden Flugplatz alles im Griff hat. Auch alle Inhalte des ersten Ausbildungsabschnittes beherrschte sie bestens. Damit waren alle Voraussetzungen f\u00fcr den ersten Alleinflug erf\u00fcllt. Ein einzigartiges Erlebnis f\u00fcr jede Pilotin und jeden Piloten. Gespannt beobachteten nicht nur die beiden Fluglehrer, sondern auch alle anderen die drei Alleinfl\u00fcge. Diese hat die 18-j\u00e4hrige Thannhauserin dann auch allerbestens absolviert mit wunderbaren Landungen. Am Abend nach dem Flugbetrieb folgte dann die &#8222;Pilotentaufe&#8220;. Dabei gibt es von allen einen Klaps auf den Hintern, um das n\u00f6tige Gef\u00fchl und die Ausdauer f\u00fcr lange Thermikfl\u00fcge auszubilden. Die Kameraden aus Bad W\u00f6rishofen hatten auch einen wunderbaren Blumenstrau\u00df f\u00fcr Isabel vorbereitet. Nat\u00fcrlich nur mit regionalen, saisonalen Pflanzen. \ud83d\ude09<br>&#8222;Heute vor einer Woche habe ich zum ersten Mal den Himmel allein erkundet. So richtig realisiert was ich da getan habe, habe ich erst jetzt. Der erste Soloflug ist ein unbeschreibliches Gef\u00fchl, das ich nur jedem empfehlen kann!&#8220; res\u00fcmierte Isabel nach dem Fluglager.<\/p>\n\n\n\n<figure class=\"wp-block-image size-large\"><img decoding=\"async\" src=\"https:\/\/www.mlv-thannhausen.de\/wp-content\/gallery\/pfingstfluglager-2022\/2022-06-15-19.53.13.jpg\" alt=\"\"\/><figcaption>\u00dcbergl\u00fccklich nach dem erfolgreichen ersten Alleinflug: Isabel (mitte) mit den Fluglehrern Thomas und Anna<\/figcaption><\/figure>\n\n\n\n<p>Am Samstag ging es dann wieder zur\u00fcck nach Thannhausen. Zwar durch die Hitze etwas ersch\u00f6pft, aber mit vielen wundersch\u00f6nenen Erinnerungen und Erfahrungen. Das war bestimmt nicht unser letzter Besuch in Bad W\u00f6rishofen. Vielen Dank f\u00fcr Eure Gastfreundschaft und Hilfsbereitschaft!<br><\/p>\n\n\n\nngg_shortcode_0_placeholder\n","protected":false},"excerpt":{"rendered":"<p>Mit viel Sonne und guter, hochreichender Blauthermik begann das Pfingstfluglager am Sonntag, 12. Juni. So konnte der 13-j\u00e4hrige Flugsch\u00fcler Tim zusammen mit Fluglehrer Thomas m\u00fchelos unseren Schuldoppelsitzer von Thannhausen nach Bad W\u00f6rishofen fliegen. F\u00fcr Tim war es der l\u00e4ngste, weiteste <a class=\"more-link\" href=\"https:\/\/www.mlv-thannhausen.de\/?p=11436\">weiterlesen&#8230;<\/a><\/p>\n","protected":false},"author":94,"featured_media":11469,"comment_status":"closed","ping_status":"closed","sticky":false,"template":"","format":"standard","meta":{"ngg_post_thumbnail":1567,"footnotes":""},"categories":[1],"tags":[],"class_list":["post-11436","post","type-post","status-publish","format-standard","has-post-thumbnail","hentry","category-allgemein"],"_links":{"self":[{"href":"https:\/\/www.mlv-thannhausen.de\/index.php?rest_route=\/wp\/v2\/posts\/11436","targetHints":{"allow":["GET"]}}],"collection":[{"href":"https:\/\/www.mlv-thannhausen.de\/index.php?rest_route=\/wp\/v2\/posts"}],"about":[{"href":"https:\/\/www.mlv-thannhausen.de\/index.php?rest_route=\/wp\/v2\/types\/post"}],"author":[{"embeddable":true,"href":"https:\/\/www.mlv-thannhausen.de\/index.php?rest_route=\/wp\/v2\/users\/94"}],"replies":[{"embeddable":true,"href":"https:\/\/www.mlv-thannhausen.de\/index.php?rest_route=%2Fwp%2Fv2%2Fcomments&post=11436"}],"version-history":[{"count":4,"href":"https:\/\/www.mlv-thannhausen.de\/index.php?rest_route=\/wp\/v2\/posts\/11436\/revisions"}],"predecessor-version":[{"id":11474,"href":"https:\/\/www.mlv-thannhausen.de\/index.php?rest_route=\/wp\/v2\/posts\/11436\/revisions\/11474"}],"wp:featuredmedia":[{"embeddable":true,"href":"https:\/\/www.mlv-thannhausen.de\/index.php?rest_route=\/wp\/v2\/media\/11469"}],"wp:attachment":[{"href":"https:\/\/www.mlv-thannhausen.de\/index.php?rest_route=%2Fwp%2Fv2%2Fmedia&parent=11436"}],"wp:term":[{"taxonomy":"category","embeddable":true,"href":"https:\/\/www.mlv-thannhausen.de\/index.php?rest_route=%2Fwp%2Fv2%2Fcategories&post=11436"},{"taxonomy":"post_tag","embeddable":true,"href":"https:\/\/www.mlv-thannhausen.de\/index.php?rest_route=%2Fwp%2Fv2%2Ftags&post=11436"}],"curies":[{"name":"wp","href":"https:\/\/api.w.org\/{rel}","templated":true}]}}