{"id":12284,"date":"2024-08-08T12:37:45","date_gmt":"2024-08-08T10:37:45","guid":{"rendered":"https:\/\/www.mlv-thannhausen.de\/?p=12284"},"modified":"2024-08-08T12:37:46","modified_gmt":"2024-08-08T10:37:46","slug":"tim-und-ferdinand-bestehen-die-praktische-pruefung-zum-segelflugzeugfuehrer","status":"publish","type":"post","link":"https:\/\/www.mlv-thannhausen.de\/?p=12284","title":{"rendered":"Tim und Ferdinand bestehen die praktische Pr\u00fcfung zum Segelflugzeugf\u00fchrer"},"content":{"rendered":"\n<p>Tim Schmidtlein (Dinkelscherben) und Ferdinand Dehling (Kammeltal \/ Goldbach) haben ihre Flugausbildung beim MLV bereits im Alter von 13 Jahren begonnen. Dank ihrer flugbegeisterten V\u00e4ter, ihrer Erfahrung im Modellflug und durch Flugsimulatoren brachten sie bereits viele Vorkenntnisse mit. Schnell konnten sie den Segelflug-Doppelsitzer sicher steuern und meisterten auch schwierige Situationen souver\u00e4n. Doch der erste Alleinflug erforderte noch etwas Geduld: Dieser ist n\u00e4mlich erst ab dem 14. Lebensjahr erlaubt. Da beide am gleichen Tag Geburtstag haben, durchliefen sie die Ausbildung nahezu parallel. P\u00fcnktlich zu ihrem 14. Geburtstag hoben sie dann zum ersten Mal alleine ab.<\/p>\n\n\n\n<p>Nach dem ersten Alleinflug folgten die Ausbildungsabschnitte 2 und 3 sowie die Theorieausbildung mit anschlie\u00dfender Pr\u00fcfung. Die letzte gro\u00dfe Herausforderung vor der Segelfluglizenz war ein 50-Kilometer-Streckenflug \u2013 und das Warten auf den 16. Geburtstag, denn erst dann d\u00fcrfen Piloten die Lizenz offiziell erwerben. Im Juni dieses Jahres war es endlich soweit: Tim und Ferdinand feierten ihren 16. Geburtstag, und die praktische Pr\u00fcfung fand nach kurzer Wartezeit am Samstag, den 27. Juli, genau zum Beginn unseres Urlaubsfliegens statt.<\/p>\n\n\n\n<p>F\u00fcr die beiden MLV-Pr\u00fcflinge kam Helmut Lichtenberg, Pr\u00fcfer beim Luftamt S\u00fcdbayern, nach Thannhausen und konnte sich von den fliegerischen F\u00e4higkeiten der beiden angehenden Piloten \u00fcberzeugen. Jeweils drei Fl\u00fcge per Windenstart und einige \u00dcbungen und Ziellandungen waren zu absolvieren. Am Ende zeigte sich Pr\u00fcfer Lichtenberg h\u00f6chst zufrieden mit allen Pr\u00fcfungsfl\u00fcgen.<\/p>\n\n\n\n<p>F\u00fcr Tim und Ferdinand gibt es jedoch noch eine kleine H\u00fcrde: Nach bestandener Pr\u00fcfung gelten sie offiziell nicht mehr als Flugsch\u00fcler, m\u00fcssen aber noch warten, bis sie ihre Lizenz vom Luftamt erhalten. W\u00e4hrend des Urlaubsfluglagers nutzen beide die Zeit sinnvoll, um ihre Ausbildung zum Windenfahrer abzuschlie\u00dfen. Nun hoffen sie sehns\u00fcchtig auf die Post vom Luftamt.<\/p>\n\n\n\n<p>Wir gratulieren herzlich zur bestandenen Pr\u00fcfung und w\u00fcnschen Tim und Ferdinand viele sichere, weite und unvergessliche (Strecken-)Fl\u00fcge!<\/p>\n\n\n\n<figure class=\"wp-block-image size-large\"><a href=\"https:\/\/www.mlv-thannhausen.de\/wp-content\/uploads\/Praktische_Pruefung-FuT-scaled.jpg\"><img loading=\"lazy\" decoding=\"async\" width=\"1024\" height=\"770\" src=\"https:\/\/www.mlv-thannhausen.de\/wp-content\/uploads\/Praktische_Pruefung-FuT-1024x770.jpg\" alt=\"\" class=\"wp-image-12287\" srcset=\"https:\/\/www.mlv-thannhausen.de\/wp-content\/uploads\/Praktische_Pruefung-FuT-1024x770.jpg 1024w, https:\/\/www.mlv-thannhausen.de\/wp-content\/uploads\/Praktische_Pruefung-FuT-300x226.jpg 300w, https:\/\/www.mlv-thannhausen.de\/wp-content\/uploads\/Praktische_Pruefung-FuT-768x578.jpg 768w, https:\/\/www.mlv-thannhausen.de\/wp-content\/uploads\/Praktische_Pruefung-FuT-1536x1155.jpg 1536w, https:\/\/www.mlv-thannhausen.de\/wp-content\/uploads\/Praktische_Pruefung-FuT-2048x1541.jpg 2048w\" sizes=\"auto, (max-width: 1024px) 100vw, 1024px\" \/><\/a><figcaption class=\"wp-element-caption\">Nach bestandener Pr\u00fcfung: Ferdinand Dehling (links) und Tim Schmidtlein (mitte), zusammen mit Pr\u00fcfer Helmut Lichtenberg (rechts) <\/figcaption><\/figure>\n","protected":false},"excerpt":{"rendered":"<p>Tim Schmidtlein (Dinkelscherben) und Ferdinand Dehling (Kammeltal \/ Goldbach) haben ihre Flugausbildung beim MLV bereits im Alter von 13 Jahren begonnen. Dank ihrer flugbegeisterten V\u00e4ter, ihrer Erfahrung im Modellflug und durch Flugsimulatoren brachten sie bereits viele Vorkenntnisse mit. Schnell konnten <a class=\"more-link\" href=\"https:\/\/www.mlv-thannhausen.de\/?p=12284\">weiterlesen&#8230;<\/a><\/p>\n","protected":false},"author":94,"featured_media":12287,"comment_status":"closed","ping_status":"closed","sticky":false,"template":"","format":"standard","meta":{"ngg_post_thumbnail":0,"footnotes":""},"categories":[1],"tags":[],"class_list":["post-12284","post","type-post","status-publish","format-standard","has-post-thumbnail","hentry","category-allgemein"],"_links":{"self":[{"href":"https:\/\/www.mlv-thannhausen.de\/index.php?rest_route=\/wp\/v2\/posts\/12284","targetHints":{"allow":["GET"]}}],"collection":[{"href":"https:\/\/www.mlv-thannhausen.de\/index.php?rest_route=\/wp\/v2\/posts"}],"about":[{"href":"https:\/\/www.mlv-thannhausen.de\/index.php?rest_route=\/wp\/v2\/types\/post"}],"author":[{"embeddable":true,"href":"https:\/\/www.mlv-thannhausen.de\/index.php?rest_route=\/wp\/v2\/users\/94"}],"replies":[{"embeddable":true,"href":"https:\/\/www.mlv-thannhausen.de\/index.php?rest_route=%2Fwp%2Fv2%2Fcomments&post=12284"}],"version-history":[{"count":3,"href":"https:\/\/www.mlv-thannhausen.de\/index.php?rest_route=\/wp\/v2\/posts\/12284\/revisions"}],"predecessor-version":[{"id":12288,"href":"https:\/\/www.mlv-thannhausen.de\/index.php?rest_route=\/wp\/v2\/posts\/12284\/revisions\/12288"}],"wp:featuredmedia":[{"embeddable":true,"href":"https:\/\/www.mlv-thannhausen.de\/index.php?rest_route=\/wp\/v2\/media\/12287"}],"wp:attachment":[{"href":"https:\/\/www.mlv-thannhausen.de\/index.php?rest_route=%2Fwp%2Fv2%2Fmedia&parent=12284"}],"wp:term":[{"taxonomy":"category","embeddable":true,"href":"https:\/\/www.mlv-thannhausen.de\/index.php?rest_route=%2Fwp%2Fv2%2Fcategories&post=12284"},{"taxonomy":"post_tag","embeddable":true,"href":"https:\/\/www.mlv-thannhausen.de\/index.php?rest_route=%2Fwp%2Fv2%2Ftags&post=12284"}],"curies":[{"name":"wp","href":"https:\/\/api.w.org\/{rel}","templated":true}]}}