{"id":12444,"date":"2025-03-20T20:19:44","date_gmt":"2025-03-20T19:19:44","guid":{"rendered":"https:\/\/www.mlv-thannhausen.de\/?p=12444"},"modified":"2025-03-23T10:13:26","modified_gmt":"2025-03-23T09:13:26","slug":"vom-flugschueler-zum-wellenflugpilot-winch-and-wave-camp-2025","status":"publish","type":"post","link":"https:\/\/www.mlv-thannhausen.de\/?p=12444","title":{"rendered":"Vom Flugsch\u00fcler zum Wellenflugpilot &#8211; Winch and Wave Camp 2025"},"content":{"rendered":"\n<p>Im vergagenen Sommer hatten Tim und Ferdinand in Thannhausen ihre praktische Pr\u00fcfung zum Segelflugpiloten abgelegt und seit dem schon einige Streckenkilometer zur\u00fcckgelegt. Nun im M\u00e4rz ging es f\u00fcr die beiden 16-J\u00e4hrigen schon fr\u00fcher als gewohnt wieder in die Luft. Im Winch &amp; Wave Camp konnten unsere Nachwuchspiloten in den Alpenflug und Wellensegelflug hineinschnuppern. Mehr dazu berichtet euch Ferdinand:<\/p>\n\n\n\n<p>Am 2. M\u00e4rz machten wir uns fr\u00fch morgens um sieben Uhr von Memmingen aus auf den Weg. Wir, das sind Tabea, Manuel, Simon, Simon, Tim, Ferdinand sowie die beiden Fluglehrer Janik und Thomas. Die Fahrt f\u00fchrte uns vorbei am Bodensee, dem Genfersee und Grenoble, bis wir schlie\u00dflich unser Ziel, das nationale Segelflugzentrum Frankreichs in Saint Auban in den Seealpen, erreichten.<\/p>\n\n\n\n<p>Noch am selben Tag gab es ein Briefing, bei dem uns der Ablauf des Flugbetriebs auf diesem f\u00fcr uns neuen Flugplatz erl\u00e4utert wurde \u2013 ein spannender Moment f\u00fcr uns Jungpiloten, da wir alle ohne Alpenflugerfahrung waren.<\/p>\n\n\n\n<figure class=\"wp-block-image size-large\"><a href=\"https:\/\/www.mlv-thannhausen.de\/wp-content\/uploads\/483427270_18384420853116171_4720547980738211353_n.jpg\"><img loading=\"lazy\" decoding=\"async\" width=\"1024\" height=\"576\" src=\"https:\/\/www.mlv-thannhausen.de\/wp-content\/uploads\/483427270_18384420853116171_4720547980738211353_n-1024x576.jpg\" alt=\"\" class=\"wp-image-12445\" srcset=\"https:\/\/www.mlv-thannhausen.de\/wp-content\/uploads\/483427270_18384420853116171_4720547980738211353_n-1024x576.jpg 1024w, https:\/\/www.mlv-thannhausen.de\/wp-content\/uploads\/483427270_18384420853116171_4720547980738211353_n-300x169.jpg 300w, https:\/\/www.mlv-thannhausen.de\/wp-content\/uploads\/483427270_18384420853116171_4720547980738211353_n-768x432.jpg 768w, https:\/\/www.mlv-thannhausen.de\/wp-content\/uploads\/483427270_18384420853116171_4720547980738211353_n-400x225.jpg 400w, https:\/\/www.mlv-thannhausen.de\/wp-content\/uploads\/483427270_18384420853116171_4720547980738211353_n-780x439.jpg 780w, https:\/\/www.mlv-thannhausen.de\/wp-content\/uploads\/483427270_18384420853116171_4720547980738211353_n.jpg 1438w\" sizes=\"auto, (max-width: 1024px) 100vw, 1024px\" \/><\/a><figcaption class=\"wp-element-caption\">Briefing am A\u00e9rodrome de Dieppe-Saint-Aubin<\/figcaption><\/figure>\n\n\n\n<p>Unsere Unterkunft bestand aus zwei Bungalows, in denen wir gemeinsam f\u00fcr uns und unsere Fluglehrer kochten. Die Flugtage begannen immer mit einem gemeinsamen Fr\u00fchst\u00fcck, gefolgt vom Tagesbriefing durch die franz\u00f6sischen Fluglehrer. Hier wurden wir t\u00e4glich \u00fcber das zu erwartende Wetter informiert und erhielten wertvolle Tipps, wo und wann wir mit welchen Bedingungen rechnen konnten. Anschlie\u00dfend erfolgte die Flugzeug\u00fcberpr\u00fcfung \u2013 ein Duo-Discus (mit Thomas als Fluglehrer) und ein Duo-Discus XL (mit Janik als Fluglehrer).<\/p>\n\n\n\n<figure class=\"wp-block-image size-large\"><a href=\"https:\/\/www.mlv-thannhausen.de\/wp-content\/uploads\/IMG-20250305-WA0005.jpg\"><img loading=\"lazy\" decoding=\"async\" width=\"1024\" height=\"576\" src=\"https:\/\/www.mlv-thannhausen.de\/wp-content\/uploads\/IMG-20250305-WA0005-1024x576.jpg\" alt=\"\" class=\"wp-image-12446\" srcset=\"https:\/\/www.mlv-thannhausen.de\/wp-content\/uploads\/IMG-20250305-WA0005-1024x576.jpg 1024w, https:\/\/www.mlv-thannhausen.de\/wp-content\/uploads\/IMG-20250305-WA0005-300x169.jpg 300w, https:\/\/www.mlv-thannhausen.de\/wp-content\/uploads\/IMG-20250305-WA0005-768x432.jpg 768w, https:\/\/www.mlv-thannhausen.de\/wp-content\/uploads\/IMG-20250305-WA0005-400x225.jpg 400w, https:\/\/www.mlv-thannhausen.de\/wp-content\/uploads\/IMG-20250305-WA0005-780x439.jpg 780w, https:\/\/www.mlv-thannhausen.de\/wp-content\/uploads\/IMG-20250305-WA0005.jpg 1296w\" sizes=\"auto, (max-width: 1024px) 100vw, 1024px\" \/><\/a><\/figure>\n\n\n\n<p>Leider war der Wind in den ersten Tagen zu schwach, um Wellenfl\u00fcge zu erm\u00f6glichen. Doch daf\u00fcr entsch\u00e4digten uns atemberaubende Thermikfl\u00fcge in der malerischen Landschaft der Provence. Ab Donnerstag frischte der Wind langsam auf, sodass einigen von uns Fl\u00fcge in der laminaren Luftstr\u00f6mung einer Welle erm\u00f6glicht wurden. Auch in den folgenden Tagen hatten wir weitere Wellenfl\u00fcge \u2013 leider blieb die erhoffte H\u00f6he von \u00fcber 6000 Metern aus.<\/p>\n\n\n\n<p>Trotzdem blicken wir auf einen erfolgreichen Flugurlaub zur\u00fcck, bei dem wir nicht nur gro\u00dfartige Fl\u00fcge erlebten, sondern auch eine wunderbare Kameradschaft und die beeindruckende Landschaft genie\u00dfen konnten. Ein herzliches Dankesch\u00f6n geht an Janik, der das Camp organisiert hat, sowie an Thomas, die uns beide in das Alpen- und Wellenfliegen eingef\u00fchrt haben.<\/p>\n\n\n\n<figure class=\"wp-block-gallery has-nested-images columns-default is-cropped wp-block-gallery-1 is-layout-flex wp-block-gallery-is-layout-flex\">\n<figure class=\"wp-block-image alignwide size-large\"><a href=\"https:\/\/www.mlv-thannhausen.de\/wp-content\/uploads\/IMG-20250305-WA0000.jpg\"><img loading=\"lazy\" decoding=\"async\" width=\"1024\" height=\"576\" data-id=\"12450\" src=\"https:\/\/www.mlv-thannhausen.de\/wp-content\/uploads\/IMG-20250305-WA0000-1024x576.jpg\" alt=\"\" class=\"wp-image-12450\" srcset=\"https:\/\/www.mlv-thannhausen.de\/wp-content\/uploads\/IMG-20250305-WA0000-1024x576.jpg 1024w, https:\/\/www.mlv-thannhausen.de\/wp-content\/uploads\/IMG-20250305-WA0000-300x169.jpg 300w, https:\/\/www.mlv-thannhausen.de\/wp-content\/uploads\/IMG-20250305-WA0000-768x432.jpg 768w, https:\/\/www.mlv-thannhausen.de\/wp-content\/uploads\/IMG-20250305-WA0000-1536x864.jpg 1536w, https:\/\/www.mlv-thannhausen.de\/wp-content\/uploads\/IMG-20250305-WA0000-400x225.jpg 400w, https:\/\/www.mlv-thannhausen.de\/wp-content\/uploads\/IMG-20250305-WA0000-780x439.jpg 780w, https:\/\/www.mlv-thannhausen.de\/wp-content\/uploads\/IMG-20250305-WA0000.jpg 2016w\" sizes=\"auto, (max-width: 1024px) 100vw, 1024px\" \/><\/a><figcaption class=\"wp-element-caption\">Ferdinand unterwegs im Duo Discus<\/figcaption><\/figure>\n\n\n\n<figure class=\"wp-block-image size-large\"><a href=\"https:\/\/www.mlv-thannhausen.de\/wp-content\/uploads\/IMG-20250305-WA0001.jpg\"><img loading=\"lazy\" decoding=\"async\" width=\"1024\" height=\"576\" data-id=\"12451\" src=\"https:\/\/www.mlv-thannhausen.de\/wp-content\/uploads\/IMG-20250305-WA0001-1024x576.jpg\" alt=\"\" class=\"wp-image-12451\" srcset=\"https:\/\/www.mlv-thannhausen.de\/wp-content\/uploads\/IMG-20250305-WA0001-1024x576.jpg 1024w, https:\/\/www.mlv-thannhausen.de\/wp-content\/uploads\/IMG-20250305-WA0001-300x169.jpg 300w, https:\/\/www.mlv-thannhausen.de\/wp-content\/uploads\/IMG-20250305-WA0001-768x432.jpg 768w, https:\/\/www.mlv-thannhausen.de\/wp-content\/uploads\/IMG-20250305-WA0001-1536x864.jpg 1536w, https:\/\/www.mlv-thannhausen.de\/wp-content\/uploads\/IMG-20250305-WA0001-400x225.jpg 400w, https:\/\/www.mlv-thannhausen.de\/wp-content\/uploads\/IMG-20250305-WA0001-780x439.jpg 780w, https:\/\/www.mlv-thannhausen.de\/wp-content\/uploads\/IMG-20250305-WA0001.jpg 1600w\" sizes=\"auto, (max-width: 1024px) 100vw, 1024px\" \/><\/a><\/figure>\n\n\n\n<figure class=\"wp-block-image size-large\"><a href=\"https:\/\/www.mlv-thannhausen.de\/wp-content\/uploads\/IMG-20250305-WA0002.jpg\"><img loading=\"lazy\" decoding=\"async\" width=\"1024\" height=\"576\" data-id=\"12447\" src=\"https:\/\/www.mlv-thannhausen.de\/wp-content\/uploads\/IMG-20250305-WA0002-1024x576.jpg\" alt=\"\" class=\"wp-image-12447\" srcset=\"https:\/\/www.mlv-thannhausen.de\/wp-content\/uploads\/IMG-20250305-WA0002-1024x576.jpg 1024w, https:\/\/www.mlv-thannhausen.de\/wp-content\/uploads\/IMG-20250305-WA0002-300x169.jpg 300w, https:\/\/www.mlv-thannhausen.de\/wp-content\/uploads\/IMG-20250305-WA0002-768x432.jpg 768w, https:\/\/www.mlv-thannhausen.de\/wp-content\/uploads\/IMG-20250305-WA0002-1536x864.jpg 1536w, https:\/\/www.mlv-thannhausen.de\/wp-content\/uploads\/IMG-20250305-WA0002-400x225.jpg 400w, https:\/\/www.mlv-thannhausen.de\/wp-content\/uploads\/IMG-20250305-WA0002-780x439.jpg 780w, https:\/\/www.mlv-thannhausen.de\/wp-content\/uploads\/IMG-20250305-WA0002.jpg 1600w\" sizes=\"auto, (max-width: 1024px) 100vw, 1024px\" \/><\/a><\/figure>\n\n\n\n<figure class=\"wp-block-image alignwide size-large\"><a href=\"https:\/\/www.mlv-thannhausen.de\/wp-content\/uploads\/483841197_18384420835116171_8744481284155073349_n.jpg\"><img loading=\"lazy\" decoding=\"async\" width=\"1024\" height=\"576\" data-id=\"12448\" src=\"https:\/\/www.mlv-thannhausen.de\/wp-content\/uploads\/483841197_18384420835116171_8744481284155073349_n-1024x576.jpg\" alt=\"\" class=\"wp-image-12448\" srcset=\"https:\/\/www.mlv-thannhausen.de\/wp-content\/uploads\/483841197_18384420835116171_8744481284155073349_n-1024x576.jpg 1024w, https:\/\/www.mlv-thannhausen.de\/wp-content\/uploads\/483841197_18384420835116171_8744481284155073349_n-300x169.jpg 300w, https:\/\/www.mlv-thannhausen.de\/wp-content\/uploads\/483841197_18384420835116171_8744481284155073349_n-768x432.jpg 768w, https:\/\/www.mlv-thannhausen.de\/wp-content\/uploads\/483841197_18384420835116171_8744481284155073349_n-400x225.jpg 400w, https:\/\/www.mlv-thannhausen.de\/wp-content\/uploads\/483841197_18384420835116171_8744481284155073349_n-780x439.jpg 780w, https:\/\/www.mlv-thannhausen.de\/wp-content\/uploads\/483841197_18384420835116171_8744481284155073349_n.jpg 1439w\" sizes=\"auto, (max-width: 1024px) 100vw, 1024px\" \/><\/a><figcaption class=\"wp-element-caption\">Die Teilnehmer des Winch &amp; Wave Camp 2025 eingerahmt von den Fluglehrern Thomas (links) und Jannik (rechts).<\/figcaption><\/figure>\n<\/figure>\n\n\n\n<p><em>Bilder: Janik Eggler und Teilnehmende<\/em><\/p>\n\n\n\n<p><\/p>\n","protected":false},"excerpt":{"rendered":"<p>Im vergagenen Sommer hatten Tim und Ferdinand in Thannhausen ihre praktische Pr\u00fcfung zum Segelflugpiloten abgelegt und seit dem schon einige Streckenkilometer zur\u00fcckgelegt. Nun im M\u00e4rz ging es f\u00fcr die beiden 16-J\u00e4hrigen schon fr\u00fcher als gewohnt wieder in die Luft. Im <a class=\"more-link\" href=\"https:\/\/www.mlv-thannhausen.de\/?p=12444\">weiterlesen&#8230;<\/a><\/p>\n","protected":false},"author":94,"featured_media":12450,"comment_status":"closed","ping_status":"closed","sticky":false,"template":"","format":"standard","meta":{"ngg_post_thumbnail":0,"footnotes":""},"categories":[1],"tags":[],"class_list":["post-12444","post","type-post","status-publish","format-standard","has-post-thumbnail","hentry","category-allgemein"],"_links":{"self":[{"href":"https:\/\/www.mlv-thannhausen.de\/index.php?rest_route=\/wp\/v2\/posts\/12444","targetHints":{"allow":["GET"]}}],"collection":[{"href":"https:\/\/www.mlv-thannhausen.de\/index.php?rest_route=\/wp\/v2\/posts"}],"about":[{"href":"https:\/\/www.mlv-thannhausen.de\/index.php?rest_route=\/wp\/v2\/types\/post"}],"author":[{"embeddable":true,"href":"https:\/\/www.mlv-thannhausen.de\/index.php?rest_route=\/wp\/v2\/users\/94"}],"replies":[{"embeddable":true,"href":"https:\/\/www.mlv-thannhausen.de\/index.php?rest_route=%2Fwp%2Fv2%2Fcomments&post=12444"}],"version-history":[{"count":6,"href":"https:\/\/www.mlv-thannhausen.de\/index.php?rest_route=\/wp\/v2\/posts\/12444\/revisions"}],"predecessor-version":[{"id":12462,"href":"https:\/\/www.mlv-thannhausen.de\/index.php?rest_route=\/wp\/v2\/posts\/12444\/revisions\/12462"}],"wp:featuredmedia":[{"embeddable":true,"href":"https:\/\/www.mlv-thannhausen.de\/index.php?rest_route=\/wp\/v2\/media\/12450"}],"wp:attachment":[{"href":"https:\/\/www.mlv-thannhausen.de\/index.php?rest_route=%2Fwp%2Fv2%2Fmedia&parent=12444"}],"wp:term":[{"taxonomy":"category","embeddable":true,"href":"https:\/\/www.mlv-thannhausen.de\/index.php?rest_route=%2Fwp%2Fv2%2Fcategories&post=12444"},{"taxonomy":"post_tag","embeddable":true,"href":"https:\/\/www.mlv-thannhausen.de\/index.php?rest_route=%2Fwp%2Fv2%2Ftags&post=12444"}],"curies":[{"name":"wp","href":"https:\/\/api.w.org\/{rel}","templated":true}]}}