{"id":2001,"date":"2014-06-27T21:47:50","date_gmt":"2014-06-27T19:47:50","guid":{"rendered":"http:\/\/www.mlv-thannhausen.de\/?p=2001"},"modified":"2014-06-27T21:56:22","modified_gmt":"2014-06-27T19:56:22","slug":"grosse-flugshow-der-modellflieger-am-28-und-29-juni","status":"publish","type":"post","link":"https:\/\/www.mlv-thannhausen.de\/?p=2001","title":{"rendered":"Gro\u00dfe Flugshow der Modellflieger am 28. und 29. Juni"},"content":{"rendered":"<p style=\"text-align: justify;\">Die Abteilung Modellflug l\u00e4dt am kommenden Wochenende 28. und 29. Juni zu ihrem 60-j\u00e4hrigen Bestehen zur Flugshow 2014 ein. Die Veranstaltung findet auf dem Gel\u00e4nde des Modellflugplatz statt, die Zufahrten der Parkpl\u00e4tze sind ausgeschildert. Mehr Infos gibt es auf der Homepage der Abteilung: <a href=\"http:\/\/www.modellfluggruppe-krumbach.de\/index.php\/flugshow-2014\" target=\"_blank\">http:\/\/www.modellfluggruppe-krumbach.de\/index.php\/flugshow-2014<\/a><\/p>\n<p style=\"text-align: justify;\">Wir bitten alle Motor- und Segelflugpiloten an diesem Wochenende besonders auf den Modellflugbetrieb zu achten und den Modellflugplatz s\u00fcdlich der Landebahn (siehe <a href=\"http:\/\/www.mlv-thannhausen.de\/?page_id=89\" target=\"_blank\">Anflugkarte<\/a>) gro\u00dfz\u00fcgig zu umfliegen.<\/p>\n<p><a href=\"http:\/\/www.mlv-thannhausen.de\/wp-content\/uploads\/DF-Plakat-JR-Flugshow-2014-klein.png\"><img loading=\"lazy\" decoding=\"async\" class=\"aligncenter size-full wp-image-2002\" alt=\"DF Plakat JR Flugshow 2014-klein\" src=\"http:\/\/www.mlv-thannhausen.de\/wp-content\/uploads\/DF-Plakat-JR-Flugshow-2014-klein.png\" width=\"320\" height=\"454\" srcset=\"https:\/\/www.mlv-thannhausen.de\/wp-content\/uploads\/DF-Plakat-JR-Flugshow-2014-klein.png 320w, https:\/\/www.mlv-thannhausen.de\/wp-content\/uploads\/DF-Plakat-JR-Flugshow-2014-klein-211x300.png 211w\" sizes=\"auto, (max-width: 320px) 100vw, 320px\" \/><\/a><\/p>\n","protected":false},"excerpt":{"rendered":"<p>Die Abteilung Modellflug l\u00e4dt am kommenden Wochenende 28. und 29. Juni zu ihrem 60-j\u00e4hrigen Bestehen zur Flugshow 2014 ein. Die Veranstaltung findet auf dem Gel\u00e4nde des Modellflugplatz statt, die Zufahrten der Parkpl\u00e4tze sind ausgeschildert. Mehr Infos gibt es auf der <a class=\"more-link\" href=\"https:\/\/www.mlv-thannhausen.de\/?p=2001\">weiterlesen&#8230;<\/a><\/p>\n","protected":false},"author":94,"featured_media":2002,"comment_status":"closed","ping_status":"closed","sticky":false,"template":"","format":"standard","meta":{"ngg_post_thumbnail":0,"footnotes":""},"categories":[1],"tags":[],"class_list":["post-2001","post","type-post","status-publish","format-standard","has-post-thumbnail","hentry","category-allgemein"],"_links":{"self":[{"href":"https:\/\/www.mlv-thannhausen.de\/index.php?rest_route=\/wp\/v2\/posts\/2001","targetHints":{"allow":["GET"]}}],"collection":[{"href":"https:\/\/www.mlv-thannhausen.de\/index.php?rest_route=\/wp\/v2\/posts"}],"about":[{"href":"https:\/\/www.mlv-thannhausen.de\/index.php?rest_route=\/wp\/v2\/types\/post"}],"author":[{"embeddable":true,"href":"https:\/\/www.mlv-thannhausen.de\/index.php?rest_route=\/wp\/v2\/users\/94"}],"replies":[{"embeddable":true,"href":"https:\/\/www.mlv-thannhausen.de\/index.php?rest_route=%2Fwp%2Fv2%2Fcomments&post=2001"}],"version-history":[{"count":5,"href":"https:\/\/www.mlv-thannhausen.de\/index.php?rest_route=\/wp\/v2\/posts\/2001\/revisions"}],"predecessor-version":[{"id":2007,"href":"https:\/\/www.mlv-thannhausen.de\/index.php?rest_route=\/wp\/v2\/posts\/2001\/revisions\/2007"}],"wp:featuredmedia":[{"embeddable":true,"href":"https:\/\/www.mlv-thannhausen.de\/index.php?rest_route=\/wp\/v2\/media\/2002"}],"wp:attachment":[{"href":"https:\/\/www.mlv-thannhausen.de\/index.php?rest_route=%2Fwp%2Fv2%2Fmedia&parent=2001"}],"wp:term":[{"taxonomy":"category","embeddable":true,"href":"https:\/\/www.mlv-thannhausen.de\/index.php?rest_route=%2Fwp%2Fv2%2Fcategories&post=2001"},{"taxonomy":"post_tag","embeddable":true,"href":"https:\/\/www.mlv-thannhausen.de\/index.php?rest_route=%2Fwp%2Fv2%2Ftags&post=2001"}],"curies":[{"name":"wp","href":"https:\/\/api.w.org\/{rel}","templated":true}]}}