{"id":8652,"date":"2016-05-17T22:29:02","date_gmt":"2016-05-17T20:29:02","guid":{"rendered":"http:\/\/www.mlv-thannhausen.de\/?p=8652"},"modified":"2016-05-30T22:39:25","modified_gmt":"2016-05-30T20:39:25","slug":"mlv-pilot-bei-allgaeuer-segelflugwoche-am-start","status":"publish","type":"post","link":"https:\/\/www.mlv-thannhausen.de\/?p=8652","title":{"rendered":"Update: MLV Pilot bei Allgaeuer Segelflugwoche am Start"},"content":{"rendered":"<p style=\"text-align: justify;\">Auch ein MLV Pilot ist bei der <a href=\"http:\/\/luftsportverein-fuessen.de\/?p=549\" target=\"_blank\">Allg\u00e4uer Segelflugwoche<\/a> (14. bis 21. Mai) in F\u00fcssen am Start: Klaus Widmaier ist mit dem Vereins-Einsitzer Discus CS das erste mal in einem Segelflug Wettbewerb dabei. Die Allg\u00e4uer Segelflugwoche des <a href=\"http:\/\/luftsportverein-fuessen.de\" target=\"_blank\">LSV F\u00fcssen<\/a> ist ein lockerer und einsteigerfreundlicher Wettbewerb, dessen Aufgaben die Piloten auch mal in die Alpen hinein f\u00fchren. Leider hatten alle Teilnehmer bisher eher Pech mit dem Wetter und die ersten drei Tage mussten neutralisiert werden. Heute ging es dann endlich in die Luft, wenn auch bei Klaus nur f\u00fcr einen kurzen Flug. Aber seine Motivation ist noch ungebrochen: &#8222;Morgen wird es besser&#8230;&#8220;<\/p>\n<p style=\"text-align: justify;\">Wir dr\u00fccken unserem Fliegerkamerad die Daumen f\u00fcr die kommenden Tage und freuen uns auf viele tolle Geschichten! \u00dcbrigens kann man seine Fl\u00fcge auch live nachverfolgen \u00fcber <a href=\"http:\/\/www.livetrack24.com\/user\/kvoador\" target=\"_blank\">Livetrack24<\/a>.<\/p>\n<div id=\"attachment_8653\" style=\"width: 310px\" class=\"wp-caption aligncenter\"><a href=\"http:\/\/www.mlv-thannhausen.de\/wp-content\/uploads\/WhatsApp-Image-20160515.jpg\"><img loading=\"lazy\" decoding=\"async\" aria-describedby=\"caption-attachment-8653\" class=\"wp-image-8653 size-medium\" src=\"http:\/\/www.mlv-thannhausen.de\/wp-content\/uploads\/WhatsApp-Image-20160515-300x225.jpg\" alt=\"Segelflug-Anh\u00e4nger aufgereiht.\" width=\"300\" height=\"225\" srcset=\"https:\/\/www.mlv-thannhausen.de\/wp-content\/uploads\/WhatsApp-Image-20160515-300x225.jpg 300w, https:\/\/www.mlv-thannhausen.de\/wp-content\/uploads\/WhatsApp-Image-20160515-768x576.jpg 768w, https:\/\/www.mlv-thannhausen.de\/wp-content\/uploads\/WhatsApp-Image-20160515-1024x768.jpg 1024w, https:\/\/www.mlv-thannhausen.de\/wp-content\/uploads\/WhatsApp-Image-20160515.jpg 1600w\" sizes=\"auto, (max-width: 300px) 100vw, 300px\" \/><\/a><p id=\"caption-attachment-8653\" class=\"wp-caption-text\">Sonntag: Die Anh\u00e4nger der Teilnehmer, ordentlich aufgereiht bei noch mauem Wetter.<\/p><\/div>\n<div id=\"attachment_8654\" style=\"width: 310px\" class=\"wp-caption aligncenter\"><a href=\"http:\/\/www.mlv-thannhausen.de\/wp-content\/uploads\/WhatsApp-Image-20160517.jpg\"><img loading=\"lazy\" decoding=\"async\" aria-describedby=\"caption-attachment-8654\" class=\"wp-image-8654 size-medium\" src=\"http:\/\/www.mlv-thannhausen.de\/wp-content\/uploads\/WhatsApp-Image-20160517-300x225.jpg\" alt=\"Startaufstellung\" width=\"300\" height=\"225\" srcset=\"https:\/\/www.mlv-thannhausen.de\/wp-content\/uploads\/WhatsApp-Image-20160517-300x225.jpg 300w, https:\/\/www.mlv-thannhausen.de\/wp-content\/uploads\/WhatsApp-Image-20160517-768x576.jpg 768w, https:\/\/www.mlv-thannhausen.de\/wp-content\/uploads\/WhatsApp-Image-20160517-1024x768.jpg 1024w, https:\/\/www.mlv-thannhausen.de\/wp-content\/uploads\/WhatsApp-Image-20160517.jpg 1600w\" sizes=\"auto, (max-width: 300px) 100vw, 300px\" \/><\/a><p id=\"caption-attachment-8654\" class=\"wp-caption-text\">Tag 4 (Dienstag) Endlich geeignetes Wetter: Klaus in der Startaufstellung.<\/p><\/div>\n<div id=\"attachment_8655\" style=\"width: 310px\" class=\"wp-caption aligncenter\"><a href=\"http:\/\/www.mlv-thannhausen.de\/wp-content\/uploads\/WhatsApp-Image-20160517a.jpg\"><img loading=\"lazy\" decoding=\"async\" aria-describedby=\"caption-attachment-8655\" class=\"wp-image-8655 size-medium\" src=\"http:\/\/www.mlv-thannhausen.de\/wp-content\/uploads\/WhatsApp-Image-20160517a-300x225.jpg\" alt=\"Au\u00dfenlandung\" width=\"300\" height=\"225\" srcset=\"https:\/\/www.mlv-thannhausen.de\/wp-content\/uploads\/WhatsApp-Image-20160517a-300x225.jpg 300w, https:\/\/www.mlv-thannhausen.de\/wp-content\/uploads\/WhatsApp-Image-20160517a-768x576.jpg 768w, https:\/\/www.mlv-thannhausen.de\/wp-content\/uploads\/WhatsApp-Image-20160517a-1024x768.jpg 1024w, https:\/\/www.mlv-thannhausen.de\/wp-content\/uploads\/WhatsApp-Image-20160517a.jpg 1600w\" sizes=\"auto, (max-width: 300px) 100vw, 300px\" \/><\/a><p id=\"caption-attachment-8655\" class=\"wp-caption-text\">Da war der Flug auch schon wieder vorbei.<\/p><\/div>\n<p>&nbsp;<\/p>\n<p><strong>Update vom 19.05.2016<\/strong><\/p>\n<p style=\"text-align: justify;\">Tag 5: Es lief deutlich besser: Klaus konnte in die Alpen hinein schnuppern und die anspruchsvolle Aufgabe gut bew\u00e4ltigen. So reichte es am Ende sogar knapp f\u00fcr Platz 2 in der <a href=\"http:\/\/www.strepla.de\/scs\/Public\/scoreDay.aspx?cId=358&amp;idDay=4657\" target=\"_blank\">Tageswertung<\/a>. Herzlichen Gl\u00fcckwunsch!<br \/>\nHier noch der OLC Link zu seinem Flug: &#8211; <a href=\"http:\/\/www.onlinecontest.org\/olc-2.0\/gliding\/flightinfo.html;jsessionid=310C4D6F958928F58A3FDA4E43B58D4A?dsId=5041863\" target=\"_blank\">klick mich<\/a> &#8211;<\/p>\n<p>Tag 6: Leider wieder Regenwetter. Der Tag wird neutralisiert.<\/p>\n<p><strong>Update 22.05.2016<\/strong><\/p>\n<p style=\"text-align: justify;\">Bei den letzten beiden Wertungstagen lief es dann nicht mehr ganz so gut und in der <a href=\"http:\/\/www.strepla.de\/scs\/public\/scoreOverall.aspx?cID=358&amp;className=Eins&amp;dateScoring=20160521\" target=\"_blank\">Gesamtwertung<\/a> fiel Klaus auf Platz 7 in der Einsteigerklasse zur\u00fcck. Macht aber nix, schlie\u00dflich hei\u00dft es ja: Dabei sein ist alles!<\/p>\n","protected":false},"excerpt":{"rendered":"<p>Auch ein MLV Pilot ist bei der Allg\u00e4uer Segelflugwoche (14. bis 21. Mai) in F\u00fcssen am Start: Klaus Widmaier ist mit dem Vereins-Einsitzer Discus CS das erste mal in einem Segelflug Wettbewerb dabei. Die Allg\u00e4uer Segelflugwoche des LSV F\u00fcssen ist <a class=\"more-link\" href=\"https:\/\/www.mlv-thannhausen.de\/?p=8652\">weiterlesen&#8230;<\/a><\/p>\n","protected":false},"author":94,"featured_media":8654,"comment_status":"closed","ping_status":"closed","sticky":false,"template":"","format":"standard","meta":{"ngg_post_thumbnail":0,"footnotes":""},"categories":[1],"tags":[],"class_list":["post-8652","post","type-post","status-publish","format-standard","has-post-thumbnail","hentry","category-allgemein"],"_links":{"self":[{"href":"https:\/\/www.mlv-thannhausen.de\/index.php?rest_route=\/wp\/v2\/posts\/8652","targetHints":{"allow":["GET"]}}],"collection":[{"href":"https:\/\/www.mlv-thannhausen.de\/index.php?rest_route=\/wp\/v2\/posts"}],"about":[{"href":"https:\/\/www.mlv-thannhausen.de\/index.php?rest_route=\/wp\/v2\/types\/post"}],"author":[{"embeddable":true,"href":"https:\/\/www.mlv-thannhausen.de\/index.php?rest_route=\/wp\/v2\/users\/94"}],"replies":[{"embeddable":true,"href":"https:\/\/www.mlv-thannhausen.de\/index.php?rest_route=%2Fwp%2Fv2%2Fcomments&post=8652"}],"version-history":[{"count":9,"href":"https:\/\/www.mlv-thannhausen.de\/index.php?rest_route=\/wp\/v2\/posts\/8652\/revisions"}],"predecessor-version":[{"id":8665,"href":"https:\/\/www.mlv-thannhausen.de\/index.php?rest_route=\/wp\/v2\/posts\/8652\/revisions\/8665"}],"wp:featuredmedia":[{"embeddable":true,"href":"https:\/\/www.mlv-thannhausen.de\/index.php?rest_route=\/wp\/v2\/media\/8654"}],"wp:attachment":[{"href":"https:\/\/www.mlv-thannhausen.de\/index.php?rest_route=%2Fwp%2Fv2%2Fmedia&parent=8652"}],"wp:term":[{"taxonomy":"category","embeddable":true,"href":"https:\/\/www.mlv-thannhausen.de\/index.php?rest_route=%2Fwp%2Fv2%2Fcategories&post=8652"},{"taxonomy":"post_tag","embeddable":true,"href":"https:\/\/www.mlv-thannhausen.de\/index.php?rest_route=%2Fwp%2Fv2%2Ftags&post=8652"}],"curies":[{"name":"wp","href":"https:\/\/api.w.org\/{rel}","templated":true}]}}