{"id":8818,"date":"2016-06-26T09:00:23","date_gmt":"2016-06-26T07:00:23","guid":{"rendered":"http:\/\/www.mlv-thannhausen.de\/?p=8818"},"modified":"2016-06-26T09:05:27","modified_gmt":"2016-06-26T07:05:27","slug":"trippel-j-nachwuchs-bei-den-mlv-segelfliegern","status":"publish","type":"post","link":"https:\/\/www.mlv-thannhausen.de\/?p=8818","title":{"rendered":"&#8222;Tripel-J-Nachwuchs&#8220; bei den MLV Segelfliegern"},"content":{"rendered":"<p style=\"text-align: justify;\">Gleich drei neue Flugsch\u00fcler haben die Segelflieger des MLV zu vermelden:<br \/>\nJosef, Jona und Jean-Jacques!<br \/>\nDie drei 14 bzw. 15 J\u00e4hrigen aus Mindelzell, Edenhausen und Niederraunau haben dieses Wochenende ihre Ausbildung zum Segelflugzeugf\u00fchrer begonnen.<br \/>\nWir w\u00fcnschen Euch bei Eurem Weg zur Pilotenlizenz viel Erfolg, Spa\u00df und immer sichere Fl\u00fcge!<\/p>\n<div id=\"attachment_8823\" style=\"width: 310px\" class=\"wp-caption aligncenter\"><a href=\"http:\/\/www.mlv-thannhausen.de\/wp-content\/uploads\/2016_Triple-J-Nachwuchs.jpg\"><img loading=\"lazy\" decoding=\"async\" aria-describedby=\"caption-attachment-8823\" class=\"wp-image-8823 size-medium\" src=\"http:\/\/www.mlv-thannhausen.de\/wp-content\/uploads\/2016_Triple-J-Nachwuchs-300x182.jpg\" alt=\"Josef, Jona und Jean-Jacques nach dem ersten &quot;Schultag&quot; am Flugplatz.\" width=\"300\" height=\"182\" srcset=\"https:\/\/www.mlv-thannhausen.de\/wp-content\/uploads\/2016_Triple-J-Nachwuchs-300x182.jpg 300w, https:\/\/www.mlv-thannhausen.de\/wp-content\/uploads\/2016_Triple-J-Nachwuchs-768x465.jpg 768w, https:\/\/www.mlv-thannhausen.de\/wp-content\/uploads\/2016_Triple-J-Nachwuchs-1024x620.jpg 1024w\" sizes=\"auto, (max-width: 300px) 100vw, 300px\" \/><\/a><p id=\"caption-attachment-8823\" class=\"wp-caption-text\">Josef, Jona und Jean-Jacques nach dem ersten &#8222;Schultag&#8220; am Flugplatz.<\/p><\/div>\n<div class=\"_xlr\" style=\"text-align: justify;\"><\/div>\n","protected":false},"excerpt":{"rendered":"<p>Gleich drei neue Flugsch\u00fcler haben die Segelflieger des MLV zu vermelden: Josef, Jona und Jean-Jacques! Die drei 14 bzw. 15 J\u00e4hrigen aus Mindelzell, Edenhausen und Niederraunau haben dieses Wochenende ihre Ausbildung zum Segelflugzeugf\u00fchrer begonnen. Wir w\u00fcnschen Euch bei Eurem Weg <a class=\"more-link\" href=\"https:\/\/www.mlv-thannhausen.de\/?p=8818\">weiterlesen&#8230;<\/a><\/p>\n","protected":false},"author":94,"featured_media":8823,"comment_status":"closed","ping_status":"closed","sticky":false,"template":"","format":"standard","meta":{"ngg_post_thumbnail":0,"footnotes":""},"categories":[1],"tags":[],"class_list":["post-8818","post","type-post","status-publish","format-standard","has-post-thumbnail","hentry","category-allgemein"],"_links":{"self":[{"href":"https:\/\/www.mlv-thannhausen.de\/index.php?rest_route=\/wp\/v2\/posts\/8818","targetHints":{"allow":["GET"]}}],"collection":[{"href":"https:\/\/www.mlv-thannhausen.de\/index.php?rest_route=\/wp\/v2\/posts"}],"about":[{"href":"https:\/\/www.mlv-thannhausen.de\/index.php?rest_route=\/wp\/v2\/types\/post"}],"author":[{"embeddable":true,"href":"https:\/\/www.mlv-thannhausen.de\/index.php?rest_route=\/wp\/v2\/users\/94"}],"replies":[{"embeddable":true,"href":"https:\/\/www.mlv-thannhausen.de\/index.php?rest_route=%2Fwp%2Fv2%2Fcomments&post=8818"}],"version-history":[{"count":7,"href":"https:\/\/www.mlv-thannhausen.de\/index.php?rest_route=\/wp\/v2\/posts\/8818\/revisions"}],"predecessor-version":[{"id":8828,"href":"https:\/\/www.mlv-thannhausen.de\/index.php?rest_route=\/wp\/v2\/posts\/8818\/revisions\/8828"}],"wp:featuredmedia":[{"embeddable":true,"href":"https:\/\/www.mlv-thannhausen.de\/index.php?rest_route=\/wp\/v2\/media\/8823"}],"wp:attachment":[{"href":"https:\/\/www.mlv-thannhausen.de\/index.php?rest_route=%2Fwp%2Fv2%2Fmedia&parent=8818"}],"wp:term":[{"taxonomy":"category","embeddable":true,"href":"https:\/\/www.mlv-thannhausen.de\/index.php?rest_route=%2Fwp%2Fv2%2Fcategories&post=8818"},{"taxonomy":"post_tag","embeddable":true,"href":"https:\/\/www.mlv-thannhausen.de\/index.php?rest_route=%2Fwp%2Fv2%2Ftags&post=8818"}],"curies":[{"name":"wp","href":"https:\/\/api.w.org\/{rel}","templated":true}]}}